{"id":2095,"date":"2020-04-14T19:42:16","date_gmt":"2020-04-14T16:42:16","guid":{"rendered":"http:\/\/www.miasimanainen.info\/blogi\/?p=2095"},"modified":"2020-04-15T09:42:54","modified_gmt":"2020-04-15T06:42:54","slug":"kuuntelusuositus-valon-kuvia-blogissa","status":"publish","type":"post","link":"https:\/\/www.miasimanainen.info\/blogi\/kuuntelusuositus-valon-kuvia-blogissa\/","title":{"rendered":"Kuuntelusuositus Valon kuvia -blogissa"},"content":{"rendered":"\n<p>&#8220;Simanaisen upean laulun ja kiehtovan moni-ilmeisen \u00e4\u00e4nimaiseman yhdistelm\u00e4 avautuu pienist\u00e4 yksityiskohdista huikaiseviin korkeuksiin, kuten my\u00f6s Juvosen lyriikka kohoaa yksinkertaisista luontohavainnoista \u00e4\u00e4rett\u00f6m\u00e4\u00e4n saakka.&#8221;<\/p>\n\n\n\n<figure class=\"wp-block-embed-wordpress wp-block-embed is-type-wp-embed is-provider-valon-kuvia-blogi\"><div class=\"wp-block-embed__wrapper\">\n<blockquote class=\"wp-embedded-content\" data-secret=\"vBanyJae4u\"><a href=\"https:\/\/www.valonkuvia.fi\/blogi\/nelja-uutta-kotimaista\/\">Nelj\u00e4 uutta kotimaista &#8211; Dalind\u00e8o, Mia Simanainen, Superposition &#038; Orchestra Nazionale della Luna<\/a><\/blockquote><iframe title=\"&#8221;Nelj\u00e4 uutta kotimaista &#8211; Dalind\u00e8o, Mia Simanainen, Superposition &#038; Orchestra Nazionale della Luna&#8221; &#8212; Valon kuvia -blogi\" class=\"wp-embedded-content\" sandbox=\"allow-scripts\" security=\"restricted\" style=\"position: absolute; clip: rect(1px, 1px, 1px, 1px);\" src=\"https:\/\/www.valonkuvia.fi\/blogi\/nelja-uutta-kotimaista\/embed\/#?secret=vBanyJae4u\" data-secret=\"vBanyJae4u\" width=\"525\" height=\"296\" frameborder=\"0\" marginwidth=\"0\" marginheight=\"0\" scrolling=\"no\"><\/iframe>\n<\/div><\/figure>\n","protected":false},"excerpt":{"rendered":"<p>&#8220;Simanaisen upean laulun ja kiehtovan moni-ilmeisen \u00e4\u00e4nimaiseman yhdistelm\u00e4 avautuu pienist\u00e4 yksityiskohdista huikaiseviin korkeuksiin, kuten my\u00f6s Juvosen lyriikka kohoaa yksinkertaisista luontohavainnoista \u00e4\u00e4rett\u00f6m\u00e4\u00e4n saakka.&#8221;<\/p>\n","protected":false},"author":2,"featured_media":0,"comment_status":"closed","ping_status":"closed","sticky":false,"template":"","format":"standard","meta":[],"categories":[1],"tags":[],"_links":{"self":[{"href":"https:\/\/www.miasimanainen.info\/blogi\/wp-json\/wp\/v2\/posts\/2095"}],"collection":[{"href":"https:\/\/www.miasimanainen.info\/blogi\/wp-json\/wp\/v2\/posts"}],"about":[{"href":"https:\/\/www.miasimanainen.info\/blogi\/wp-json\/wp\/v2\/types\/post"}],"author":[{"embeddable":true,"href":"https:\/\/www.miasimanainen.info\/blogi\/wp-json\/wp\/v2\/users\/2"}],"replies":[{"embeddable":true,"href":"https:\/\/www.miasimanainen.info\/blogi\/wp-json\/wp\/v2\/comments?post=2095"}],"version-history":[{"count":2,"href":"https:\/\/www.miasimanainen.info\/blogi\/wp-json\/wp\/v2\/posts\/2095\/revisions"}],"predecessor-version":[{"id":2101,"href":"https:\/\/www.miasimanainen.info\/blogi\/wp-json\/wp\/v2\/posts\/2095\/revisions\/2101"}],"wp:attachment":[{"href":"https:\/\/www.miasimanainen.info\/blogi\/wp-json\/wp\/v2\/media?parent=2095"}],"wp:term":[{"taxonomy":"category","embeddable":true,"href":"https:\/\/www.miasimanainen.info\/blogi\/wp-json\/wp\/v2\/categories?post=2095"},{"taxonomy":"post_tag","embeddable":true,"href":"https:\/\/www.miasimanainen.info\/blogi\/wp-json\/wp\/v2\/tags?post=2095"}],"curies":[{"name":"wp","href":"https:\/\/api.w.org\/{rel}","templated":true}]}}