{"id":2574,"date":"2024-04-02T15:19:30","date_gmt":"2024-04-02T12:19:30","guid":{"rendered":"http:\/\/www.miasimanainen.info\/blogi\/?p=2574"},"modified":"2024-04-02T15:27:05","modified_gmt":"2024-04-02T12:27:05","slug":"kuka-minussa-laulaa-aaniystava-podcast-julkaistu","status":"publish","type":"post","link":"https:\/\/www.miasimanainen.info\/blogi\/kuka-minussa-laulaa-aaniystava-podcast-julkaistu\/","title":{"rendered":"Kuka minussa laulaa? &#8211; \u00c4\u00e4niyst\u00e4v\u00e4 podcast julkaistu!"},"content":{"rendered":"<p>Laura Vallenius haastatteli minua \u00c4\u00e4niyst\u00e4v\u00e4-podcastiinsa teemalla: kuka minussa laulaa? Aihe kietoutuu melkein samannimisen kirjoitusty\u00f6ni ymp\u00e4rille. Se sis\u00e4lt\u00e4\u00e4 loputtomasti tutkittavaa, ja potentiaalisesti my\u00f6s keinoja erilaisten katsantokantojen ja v\u00e4lineiden kehitt\u00e4miseen lauluty\u00f6n avuksi ja oheen. Oma missioni on ohjata sek\u00e4 omaa ett\u00e4 toisten laulua vaihtelevasti eri n\u00e4k\u00f6kulmista, ja siihen t\u00e4m\u00e4 pohdintakin viittailee.<\/p>\n<p><a href=\"https:\/\/www.aanikauppa.fi\/podcast\/episode\/1e6c90fc\/24-kuka-minussa-laulaa-mia-simanainen\">Kuuntele jakso t\u00e4\u00e4lt\u00e4.<\/a><\/p>\n<p><a href=\"https:\/\/www.aanikauppa.fi\/podcast\/episode\/1e6c90fc\/24-kuka-minussa-laulaa-mia-simanainen\"><img decoding=\"async\" loading=\"lazy\" class=\"alignnone size-full wp-image-2576\" src=\"http:\/\/www.miasimanainen.info\/blogi\/wp-content\/uploads\/2024\/04\/IMG_0928-scaled.jpg\" alt=\"\" width=\"2560\" height=\"1920\" srcset=\"https:\/\/www.miasimanainen.info\/blogi\/wp-content\/uploads\/2024\/04\/IMG_0928-scaled.jpg 2560w, https:\/\/www.miasimanainen.info\/blogi\/wp-content\/uploads\/2024\/04\/IMG_0928-300x225.jpg 300w, https:\/\/www.miasimanainen.info\/blogi\/wp-content\/uploads\/2024\/04\/IMG_0928-1024x768.jpg 1024w, https:\/\/www.miasimanainen.info\/blogi\/wp-content\/uploads\/2024\/04\/IMG_0928-768x576.jpg 768w, https:\/\/www.miasimanainen.info\/blogi\/wp-content\/uploads\/2024\/04\/IMG_0928-1536x1152.jpg 1536w, https:\/\/www.miasimanainen.info\/blogi\/wp-content\/uploads\/2024\/04\/IMG_0928-2048x1536.jpg 2048w\" sizes=\"(max-width: 767px) 89vw, (max-width: 1000px) 54vw, (max-width: 1071px) 543px, 580px\" \/><\/a><\/p>\n","protected":false},"excerpt":{"rendered":"<p>Laura Vallenius haastatteli minua \u00c4\u00e4niyst\u00e4v\u00e4-podcastiinsa teemalla: kuka minussa laulaa? Aihe kietoutuu melkein samannimisen kirjoitusty\u00f6ni ymp\u00e4rille. Se sis\u00e4lt\u00e4\u00e4 loputtomasti tutkittavaa, ja potentiaalisesti my\u00f6s keinoja erilaisten katsantokantojen ja v\u00e4lineiden kehitt\u00e4miseen lauluty\u00f6n avuksi ja oheen. Oma missioni on ohjata sek\u00e4 omaa ett\u00e4 toisten laulua vaihtelevasti eri n\u00e4k\u00f6kulmista, ja siihen t\u00e4m\u00e4 pohdintakin viittailee. Kuuntele jakso t\u00e4\u00e4lt\u00e4.<\/p>\n","protected":false},"author":2,"featured_media":0,"comment_status":"closed","ping_status":"closed","sticky":false,"template":"","format":"standard","meta":[],"categories":[1],"tags":[],"_links":{"self":[{"href":"https:\/\/www.miasimanainen.info\/blogi\/wp-json\/wp\/v2\/posts\/2574"}],"collection":[{"href":"https:\/\/www.miasimanainen.info\/blogi\/wp-json\/wp\/v2\/posts"}],"about":[{"href":"https:\/\/www.miasimanainen.info\/blogi\/wp-json\/wp\/v2\/types\/post"}],"author":[{"embeddable":true,"href":"https:\/\/www.miasimanainen.info\/blogi\/wp-json\/wp\/v2\/users\/2"}],"replies":[{"embeddable":true,"href":"https:\/\/www.miasimanainen.info\/blogi\/wp-json\/wp\/v2\/comments?post=2574"}],"version-history":[{"count":4,"href":"https:\/\/www.miasimanainen.info\/blogi\/wp-json\/wp\/v2\/posts\/2574\/revisions"}],"predecessor-version":[{"id":2579,"href":"https:\/\/www.miasimanainen.info\/blogi\/wp-json\/wp\/v2\/posts\/2574\/revisions\/2579"}],"wp:attachment":[{"href":"https:\/\/www.miasimanainen.info\/blogi\/wp-json\/wp\/v2\/media?parent=2574"}],"wp:term":[{"taxonomy":"category","embeddable":true,"href":"https:\/\/www.miasimanainen.info\/blogi\/wp-json\/wp\/v2\/categories?post=2574"},{"taxonomy":"post_tag","embeddable":true,"href":"https:\/\/www.miasimanainen.info\/blogi\/wp-json\/wp\/v2\/tags?post=2574"}],"curies":[{"name":"wp","href":"https:\/\/api.w.org\/{rel}","templated":true}]}}